
{"id":2341,"date":"2026-08-30T19:18:45","date_gmt":"2026-08-30T17:18:45","guid":{"rendered":"https:\/\/przedszkole113.edu.wroclaw.pl\/?p=2341"},"modified":"2026-08-30T19:25:50","modified_gmt":"2026-08-30T17:25:50","slug":"2341","status":"publish","type":"post","link":"https:\/\/przedszkole113.edu.wroclaw.pl\/index.php\/2026\/08\/30\/2341\/","title":{"rendered":"Zmiany w \u017cywieniu dzieci od wrze\u015bnia 2026 r"},"content":{"rendered":"<p>Szanowni Pa\u0144stwo<\/p>\n<p>Od wrze\u015bnia 2026 roku w sto\u0142\u00f3wkach szkolnych i przedszkolnych w ca\u0142ej<br \/>\nPolsce wchodz\u0105 w \u017cycie nowe, zdrowsze standardy \u017cywienia zatwierdzone<br \/>\nprzez Ministerstwo Zdrowia. Posi\u0142ki staj\u0105 si\u0119 bardziej naturalne, od\u017cywcze i<br \/>\npe\u0142ne kolor\u00f3w.<\/p>\n<p>&nbsp;<\/p>\n","protected":false},"excerpt":{"rendered":"<p>Szanowni Pa\u0144stwo Od wrze\u015bnia 2026 roku w sto\u0142\u00f3wkach szkolnych i przedszkolnych w ca\u0142ej Polsce wchodz\u0105 w \u017cycie nowe, zdrowsze standardy \u017cywienia zatwierdzone przez Ministerstwo Zdrowia. Posi\u0142ki staj\u0105 si\u0119 bardziej naturalne, [&hellip;]<\/p>\n","protected":false},"author":162,"featured_media":0,"comment_status":"closed","ping_status":"open","sticky":false,"template":"","format":"standard","meta":{"ngg_post_thumbnail":0,"footnotes":""},"categories":[3],"tags":[],"class_list":["post-2341","post","type-post","status-publish","format-standard","hentry","category-aktualnosci","clearfix"],"_links":{"self":[{"href":"https:\/\/przedszkole113.edu.wroclaw.pl\/index.php\/wp-json\/wp\/v2\/posts\/2341","targetHints":{"allow":["GET"]}}],"collection":[{"href":"https:\/\/przedszkole113.edu.wroclaw.pl\/index.php\/wp-json\/wp\/v2\/posts"}],"about":[{"href":"https:\/\/przedszkole113.edu.wroclaw.pl\/index.php\/wp-json\/wp\/v2\/types\/post"}],"author":[{"embeddable":true,"href":"https:\/\/przedszkole113.edu.wroclaw.pl\/index.php\/wp-json\/wp\/v2\/users\/162"}],"replies":[{"embeddable":true,"href":"https:\/\/przedszkole113.edu.wroclaw.pl\/index.php\/wp-json\/wp\/v2\/comments?post=2341"}],"version-history":[{"count":3,"href":"https:\/\/przedszkole113.edu.wroclaw.pl\/index.php\/wp-json\/wp\/v2\/posts\/2341\/revisions"}],"predecessor-version":[{"id":2346,"href":"https:\/\/przedszkole113.edu.wroclaw.pl\/index.php\/wp-json\/wp\/v2\/posts\/2341\/revisions\/2346"}],"wp:attachment":[{"href":"https:\/\/przedszkole113.edu.wroclaw.pl\/index.php\/wp-json\/wp\/v2\/media?parent=2341"}],"wp:term":[{"taxonomy":"category","embeddable":true,"href":"https:\/\/przedszkole113.edu.wroclaw.pl\/index.php\/wp-json\/wp\/v2\/categories?post=2341"},{"taxonomy":"post_tag","embeddable":true,"href":"https:\/\/przedszkole113.edu.wroclaw.pl\/index.php\/wp-json\/wp\/v2\/tags?post=2341"}],"curies":[{"name":"wp","href":"https:\/\/api.w.org\/{rel}","templated":true}]}}