
{"id":2347,"date":"2026-08-30T19:37:50","date_gmt":"2026-08-30T17:37:50","guid":{"rendered":"https:\/\/przedszkole113.edu.wroclaw.pl\/?p=2347"},"modified":"2026-08-30T19:38:14","modified_gmt":"2026-08-30T17:38:14","slug":"1-wrzesnia-2026-czekamy-na-naszych-przedszkolakow","status":"publish","type":"post","link":"https:\/\/przedszkole113.edu.wroclaw.pl\/index.php\/2026\/08\/30\/1-wrzesnia-2026-czekamy-na-naszych-przedszkolakow\/","title":{"rendered":"1 wrze\u015bnia 2026 &#8211; Czekamy na naszych przedszkolak\u00f3w"},"content":{"rendered":"<p>Szanowni Pa\u0144stwo<\/p>\n<div class=\"\" data-bfc=\"\" data-ved=\"2ahUKEwjjitr678iWAxV6JhAIHanpC74Qi4wTegoIAggACAEIGBAA\" data-hveid=\"CAIIAAgBCBgQAA\" data-copy-service-computed-style=\"font-family: Google Sans, Arial, sans-serif; font-size: 16px; font-weight: 400; margin: 0px; text-decoration: none; border-bottom: 0px rgb(10, 10, 10);\">\n<div class=\"n6owBd awi2gc\" data-sfc-cp=\"\" data-sfc-root=\"ep\" data-hveid=\"CAIIAAgBCBgQAQ\" data-complete=\"true\" data-copy-service-computed-style=\"font-family: Google Sans, Arial, sans-serif; font-size: 16px; font-weight: 400; margin: 12px 0px 16px; text-decoration: none; border-bottom: 0px rgb(10, 10, 10);\">Wakacje dobieg\u0142y ko\u0144ca.<\/div>\n<div class=\"n6owBd awi2gc\" data-sfc-cp=\"\" data-sfc-root=\"ep\" data-hveid=\"CAIIAAgBCBgQAQ\" data-complete=\"true\" data-copy-service-computed-style=\"font-family: Google Sans, Arial, sans-serif; font-size: 16px; font-weight: 400; margin: 12px 0px 16px; text-decoration: none; border-bottom: 0px rgb(10, 10, 10);\">Cieszymy si\u0119 na spotkanie z obecnym przedszkolakami i ciep\u0142o witamy te dzieci,kt\u00f3re po raz pierwszy przekrocz\u0105 nasz pr\u00f3g.<\/div>\n<div class=\"n6owBd awi2gc\" data-sfc-cp=\"\" data-sfc-root=\"ep\" data-hveid=\"CAIIAAgBCBgQAQ\" data-complete=\"true\" data-copy-service-computed-style=\"font-family: Google Sans, Arial, sans-serif; font-size: 16px; font-weight: 400; margin: 12px 0px 16px; text-decoration: none; border-bottom: 0px rgb(10, 10, 10);\">Przygotowane\u00a0 sale zn\u00f3w zape\u0142ni\u0105 si\u0119 \u015bmiechem i zabaw\u0105.<\/div>\n<div class=\"n6owBd awi2gc\" data-sfc-cp=\"\" data-sfc-root=\"ep\" data-hveid=\"CAIIAAgBCBgQAQ\" data-complete=\"true\" data-copy-service-computed-style=\"font-family: Google Sans, Arial, sans-serif; font-size: 16px; font-weight: 400; margin: 12px 0px 16px; text-decoration: none; border-bottom: 0px rgb(10, 10, 10);\"><\/div>\n<\/div>\n<div class=\"\" data-bfc=\"\" data-ved=\"2ahUKEwjjitr678iWAxV6JhAIHanpC74Qi4wTegoIAggACAEIGRAA\" data-hveid=\"CAIIAAgBCBkQAA\" data-copy-service-computed-style=\"font-family: Google Sans, Arial, sans-serif; font-size: 16px; font-weight: 400; margin: 0px; text-decoration: none; border-bottom: 0px rgb(10, 10, 10);\">\n<div class=\"n6owBd awi2gc\" data-sfc-cp=\"\" data-sfc-root=\"ep\" data-hveid=\"CAIIAAgBCBkQAQ\" data-complete=\"true\" data-copy-service-computed-style=\"font-family: Google Sans, Arial, sans-serif; font-size: 16px; font-weight: 400; margin: 12px 0px 16px; text-decoration: none; border-bottom: 0px rgb(10, 10, 10);\">Do zobaczenia we wtorek !<\/div>\n<div data-sfc-cp=\"\" data-sfc-root=\"ep\" data-hveid=\"CAIIAAgBCBkQAQ\" data-complete=\"true\" data-copy-service-computed-style=\"font-family: Google Sans, Arial, sans-serif; font-size: 16px; font-weight: 400; margin: 12px 0px 16px; text-decoration: none; border-bottom: 0px rgb(10, 10, 10);\"><\/div>\n<\/div>\n<div data-sfc-cp=\"\" data-sfc-root=\"ep\" data-hveid=\"CAIIAAgBCBkQAQ\" data-complete=\"true\" data-copy-service-computed-style=\"font-family: Google Sans, Arial, sans-serif; font-size: 16px; font-weight: 400; margin: 12px 0px 16px; text-decoration: none; border-bottom: 0px rgb(10, 10, 10);\">Sprawy organizacyjne:<\/div>\n<div data-sfc-cp=\"\" data-sfc-root=\"ep\" data-hveid=\"CAIIAAgBCBkQAQ\" data-complete=\"true\" data-copy-service-computed-style=\"font-family: Google Sans, Arial, sans-serif; font-size: 16px; font-weight: 400; margin: 12px 0px 16px; text-decoration: none; border-bottom: 0px rgb(10, 10, 10);\">Gr. I Pani Asi i Pani Gra\u017cynki &#8211; b\u0119dzie grup\u0105 III<\/div>\n<div data-sfc-cp=\"\" data-sfc-root=\"ep\" data-hveid=\"CAIIAAgBCBkQAQ\" data-complete=\"true\" data-copy-service-computed-style=\"font-family: Google Sans, Arial, sans-serif; font-size: 16px; font-weight: 400; margin: 12px 0px 16px; text-decoration: none; border-bottom: 0px rgb(10, 10, 10);\">Gr. II Pani Irenki i gr. III Pani Elwiry &#8211; b\u0119d\u0105 razem gr. IV<\/div>\n<div data-sfc-cp=\"\" data-sfc-root=\"ep\" data-hveid=\"CAIIAAgBCBkQAQ\" data-complete=\"true\" data-copy-service-computed-style=\"font-family: Google Sans, Arial, sans-serif; font-size: 16px; font-weight: 400; margin: 12px 0px 16px; text-decoration: none; border-bottom: 0px rgb(10, 10, 10);\">Gr. IV Pani Moniki i Pani dyrektor &#8211; b\u0119d\u0105 gr. V.<\/div>\n<div data-sfc-cp=\"\" data-sfc-root=\"ep\" data-hveid=\"CAIIAAgBCBkQAQ\" data-complete=\"true\" data-copy-service-computed-style=\"font-family: Google Sans, Arial, sans-serif; font-size: 16px; font-weight: 400; margin: 12px 0px 16px; text-decoration: none; border-bottom: 0px rgb(10, 10, 10);\">Gr. II dzieci nowo przyj\u0119te &#8211; nauczyciel pani Magda i Pani Marzena.<\/div>\n<div data-sfc-cp=\"\" data-sfc-root=\"ep\" data-hveid=\"CAIIAAgBCBkQAQ\" data-complete=\"true\" data-copy-service-computed-style=\"font-family: Google Sans, Arial, sans-serif; font-size: 16px; font-weight: 400; margin: 12px 0px 16px; text-decoration: none; border-bottom: 0px rgb(10, 10, 10);\">Przypominam o drukach &#8211; upowa\u017cnienie do odbioru dziecka w roku szkolnym 2026\/2027<\/div>\n<div data-sfc-cp=\"\" data-sfc-root=\"ep\" data-hveid=\"CAIIAAgBCBkQAQ\" data-complete=\"true\" data-copy-service-computed-style=\"font-family: Google Sans, Arial, sans-serif; font-size: 16px; font-weight: 400; margin: 12px 0px 16px; text-decoration: none; border-bottom: 0px rgb(10, 10, 10);\"><\/div>\n<div data-sfc-cp=\"\" data-sfc-root=\"ep\" data-hveid=\"CAIIAAgBCBkQAQ\" data-complete=\"true\" data-copy-service-computed-style=\"font-family: Google Sans, Arial, sans-serif; font-size: 16px; font-weight: 400; margin: 12px 0px 16px; text-decoration: none; border-bottom: 0px rgb(10, 10, 10);\">dyrektor wraz z personelem<\/div>\n","protected":false},"excerpt":{"rendered":"<p>Szanowni Pa\u0144stwo Wakacje dobieg\u0142y ko\u0144ca. Cieszymy si\u0119 na spotkanie z obecnym przedszkolakami i ciep\u0142o witamy te dzieci,kt\u00f3re po raz pierwszy przekrocz\u0105 nasz pr\u00f3g. Przygotowane\u00a0 sale zn\u00f3w zape\u0142ni\u0105 si\u0119 \u015bmiechem i [&hellip;]<\/p>\n","protected":false},"author":162,"featured_media":0,"comment_status":"closed","ping_status":"open","sticky":false,"template":"","format":"standard","meta":{"ngg_post_thumbnail":0,"footnotes":""},"categories":[1],"tags":[],"class_list":["post-2347","post","type-post","status-publish","format-standard","hentry","category-bez-kategorii","clearfix"],"_links":{"self":[{"href":"https:\/\/przedszkole113.edu.wroclaw.pl\/index.php\/wp-json\/wp\/v2\/posts\/2347","targetHints":{"allow":["GET"]}}],"collection":[{"href":"https:\/\/przedszkole113.edu.wroclaw.pl\/index.php\/wp-json\/wp\/v2\/posts"}],"about":[{"href":"https:\/\/przedszkole113.edu.wroclaw.pl\/index.php\/wp-json\/wp\/v2\/types\/post"}],"author":[{"embeddable":true,"href":"https:\/\/przedszkole113.edu.wroclaw.pl\/index.php\/wp-json\/wp\/v2\/users\/162"}],"replies":[{"embeddable":true,"href":"https:\/\/przedszkole113.edu.wroclaw.pl\/index.php\/wp-json\/wp\/v2\/comments?post=2347"}],"version-history":[{"count":2,"href":"https:\/\/przedszkole113.edu.wroclaw.pl\/index.php\/wp-json\/wp\/v2\/posts\/2347\/revisions"}],"predecessor-version":[{"id":2349,"href":"https:\/\/przedszkole113.edu.wroclaw.pl\/index.php\/wp-json\/wp\/v2\/posts\/2347\/revisions\/2349"}],"wp:attachment":[{"href":"https:\/\/przedszkole113.edu.wroclaw.pl\/index.php\/wp-json\/wp\/v2\/media?parent=2347"}],"wp:term":[{"taxonomy":"category","embeddable":true,"href":"https:\/\/przedszkole113.edu.wroclaw.pl\/index.php\/wp-json\/wp\/v2\/categories?post=2347"},{"taxonomy":"post_tag","embeddable":true,"href":"https:\/\/przedszkole113.edu.wroclaw.pl\/index.php\/wp-json\/wp\/v2\/tags?post=2347"}],"curies":[{"name":"wp","href":"https:\/\/api.w.org\/{rel}","templated":true}]}}