
{"id":2351,"date":"2026-09-02T20:31:14","date_gmt":"2026-09-02T18:31:14","guid":{"rendered":"https:\/\/przedszkole113.edu.wroclaw.pl\/?p=2351"},"modified":"2026-09-02T20:31:14","modified_gmt":"2026-09-02T18:31:14","slug":"spotkania-organizacyjne-w-grupach","status":"publish","type":"post","link":"https:\/\/przedszkole113.edu.wroclaw.pl\/index.php\/2026\/09\/02\/spotkania-organizacyjne-w-grupach\/","title":{"rendered":"Spotkania organizacyjne w grupach"},"content":{"rendered":"<p>Szanowni Pa\u0144stwo<\/p>\n<p>Zapraszam na spotkania organizacyjne w grupach wed\u0142ug poni\u017cszego harmonogramu:<\/p>\n<p>Grupa II &#8211; nauczyciele Pani Magda i Pani Marzena w poniedzia\u0142ek 07.09.2026 r o godz. 15.30<\/p>\n<p>Grupa III &#8211; nauczyciele Pani Asia i Pani Gra\u017cyna w \u015brod\u0119 09.09.2026 r o godz. 15.30<\/p>\n<p>Grupa IV &#8211; nauczyciele Pani Irenka i Pani Elwira w \u015brod\u0119 09.09.2026 r o godz. 15.30<\/p>\n<p>grupa V &#8211; nauczyciele Pani Monika i dyrektor we wtorek 08.09.2026 r o godz. 15.30.<\/p>\n<p>Przewidywany czas spotkania ok 1,5 godziny.<\/p>\n<p>&nbsp;<\/p>\n<p>Zapraszamy<\/p>\n<p>Dyrektor z kadra pedagogiczn\u0105<\/p>\n","protected":false},"excerpt":{"rendered":"<p>Szanowni Pa\u0144stwo Zapraszam na spotkania organizacyjne w grupach wed\u0142ug poni\u017cszego harmonogramu: Grupa II &#8211; nauczyciele Pani Magda i Pani Marzena w poniedzia\u0142ek 07.09.2026 r o godz. 15.30 Grupa III &#8211; [&hellip;]<\/p>\n","protected":false},"author":162,"featured_media":0,"comment_status":"closed","ping_status":"open","sticky":false,"template":"","format":"standard","meta":{"ngg_post_thumbnail":0,"footnotes":""},"categories":[3],"tags":[],"class_list":["post-2351","post","type-post","status-publish","format-standard","hentry","category-aktualnosci","clearfix"],"_links":{"self":[{"href":"https:\/\/przedszkole113.edu.wroclaw.pl\/index.php\/wp-json\/wp\/v2\/posts\/2351","targetHints":{"allow":["GET"]}}],"collection":[{"href":"https:\/\/przedszkole113.edu.wroclaw.pl\/index.php\/wp-json\/wp\/v2\/posts"}],"about":[{"href":"https:\/\/przedszkole113.edu.wroclaw.pl\/index.php\/wp-json\/wp\/v2\/types\/post"}],"author":[{"embeddable":true,"href":"https:\/\/przedszkole113.edu.wroclaw.pl\/index.php\/wp-json\/wp\/v2\/users\/162"}],"replies":[{"embeddable":true,"href":"https:\/\/przedszkole113.edu.wroclaw.pl\/index.php\/wp-json\/wp\/v2\/comments?post=2351"}],"version-history":[{"count":1,"href":"https:\/\/przedszkole113.edu.wroclaw.pl\/index.php\/wp-json\/wp\/v2\/posts\/2351\/revisions"}],"predecessor-version":[{"id":2352,"href":"https:\/\/przedszkole113.edu.wroclaw.pl\/index.php\/wp-json\/wp\/v2\/posts\/2351\/revisions\/2352"}],"wp:attachment":[{"href":"https:\/\/przedszkole113.edu.wroclaw.pl\/index.php\/wp-json\/wp\/v2\/media?parent=2351"}],"wp:term":[{"taxonomy":"category","embeddable":true,"href":"https:\/\/przedszkole113.edu.wroclaw.pl\/index.php\/wp-json\/wp\/v2\/categories?post=2351"},{"taxonomy":"post_tag","embeddable":true,"href":"https:\/\/przedszkole113.edu.wroclaw.pl\/index.php\/wp-json\/wp\/v2\/tags?post=2351"}],"curies":[{"name":"wp","href":"https:\/\/api.w.org\/{rel}","templated":true}]}}